{"id":19028,"date":"2022-08-20T09:59:04","date_gmt":"2022-08-20T08:59:04","guid":{"rendered":"https:\/\/destinations-europe.com\/?p=19028"},"modified":"2023-12-27T19:05:48","modified_gmt":"2023-12-27T18:05:48","slug":"festivals-events-where-go-trip-europe-september","status":"publish","type":"post","link":"https:\/\/destinations-europe.com\/en\/festivals-events-where-go-trip-europe-september\/","title":{"rendered":"Festivals, events: where to go on a trip to Europe in September"},"content":{"rendered":"\n<p class=\"wp-block-paragraph\">Vacations are over.&nbsp;Finally, for many.&nbsp;But after the many&nbsp;<a href=\"https:\/\/destinations-europe.com\/en\/festivals-events-where-to-go-trip-europe-august\/\" target=\"_blank\" rel=\"noreferrer noopener\" data-penci-link=\"internal\"><strong>events of the summer<\/strong><\/a>, the month of September is not to be underestimated.&nbsp;The start of the new school year in Europe means more cultural events, with an important place given in particular to cinema.&nbsp;Cinephiles will thus have a choice: Hispanic cinema (and much more) is in the spotlight in San Sebastian, in the Spanish Basque Country.&nbsp;Are you more into American cinema?&nbsp;Then head to Deauville, in Normandy in the north-west of France.&nbsp;The Venice Film Festival, one of the biggest festivals in the world, would impress anyone.&nbsp;But if you still want to party, that&#8217;s obviously possible.&nbsp;Barcelona offers its famous Festa de la Merc\u00e8 and Munich hosts Oktoberfest which starts this month, so make them your priority destinations.&nbsp;Without further ado, here is where to go on a trip to Europe in September, depending on the festivals and events taking place there.<\/p>\n\n\n\n<h2 class=\"wp-block-heading\">In San Sebastian for the Zinemaldia International Film Festival |&nbsp;Spain<\/h2>\n\n\n\n<p class=\"wp-block-paragraph\"><strong>Where?&nbsp;<\/strong>San Sebastian, in the Spanish Basque Country (<a href=\"https:\/\/www.google.com\/maps\/place\/Saint-S%C3%A9bastien,+Guipuscoa,+Espagne\/@43.3367523,-2.0261493,11.71z\/data=!4m5!3m4!1s0xd51affe3b68fe15:0xe43ec55994864649!8m2!3d43.318334!4d-1.9812313\" target=\"_blank\" rel=\"noreferrer noopener\" data-penci-link=\"external\"><strong>map<\/strong><\/a>)<\/p>\n\n\n\n<p class=\"wp-block-paragraph\"><strong>When?&nbsp;<\/strong>Visit <a href=\"https:\/\/www.sansebastianfestival.com\/in\/\" target=\"_blank\" rel=\"noreferrer noopener\" data-penci-link=\"external\"><strong>the official website<\/strong><\/a><strong> <\/strong>to find out the dates this year<\/p>\n\n\n\n<p class=\"wp-block-paragraph\">For lovers of the seventh art, Zinemaldia has become the unmissable event of the year.&nbsp;It was founded on September 21, 1953, and, since then, this festival (and competition) has continued to grow in reputation, despite suffering a form of demotion in the early 1980s.&nbsp;The official selection includes fifteen feature films in competition and two to three films screened out of competition during the week of the festivities.&nbsp;The screenings as well as the opening and closing galas take place in the magnificent&nbsp;<a href=\"https:\/\/fr.wikipedia.org\/wiki\/Palais_Kursaal\" data-penci-link=\"external\" target=\"_blank\"><strong>Kursaal Palace<\/strong><\/a>.&nbsp;This major cinema event is also an opportunity to visit the sublime Basque city of San Sebastian.<\/p>\n\n\n<div class=\"wp-block-image\">\n<figure class=\"aligncenter size-large\"><img data-recalc-dims=\"1\" decoding=\"async\" width=\"1170\" height=\"658\" data-attachment-id=\"19013\" data-permalink=\"https:\/\/destinations-europe.com\/en\/festivals-events-where-go-trip-europe-september\/saint-sebastien-cinema-1-2\/\" data-orig-file=\"https:\/\/i0.wp.com\/destinations-europe.com\/wp-content\/uploads\/2022\/08\/Saint-Sebastien-Cinema-1.jpg?fit=1280%2C720&amp;ssl=1\" data-orig-size=\"1280,720\" data-comments-opened=\"1\" data-image-meta=\"{&quot;aperture&quot;:&quot;0&quot;,&quot;credit&quot;:&quot;&quot;,&quot;camera&quot;:&quot;&quot;,&quot;caption&quot;:&quot;&quot;,&quot;created_timestamp&quot;:&quot;0&quot;,&quot;copyright&quot;:&quot;&quot;,&quot;focal_length&quot;:&quot;0&quot;,&quot;iso&quot;:&quot;0&quot;,&quot;shutter_speed&quot;:&quot;0&quot;,&quot;title&quot;:&quot;&quot;,&quot;orientation&quot;:&quot;0&quot;}\" data-image-title=\"Saint-Sebastien-Cinema-1\" data-image-description=\"\" data-image-caption=\"\" data-large-file=\"https:\/\/i0.wp.com\/destinations-europe.com\/wp-content\/uploads\/2022\/08\/Saint-Sebastien-Cinema-1.jpg?fit=1024%2C576&amp;ssl=1\" src=\"https:\/\/i0.wp.com\/destinations-europe.com\/wp-content\/uploads\/2022\/08\/Saint-Sebastien-Cinema-1.jpg?resize=1170%2C658&#038;ssl=1\" alt=\"\" class=\"wp-image-19013\" srcset=\"https:\/\/i0.wp.com\/destinations-europe.com\/wp-content\/uploads\/2022\/08\/Saint-Sebastien-Cinema-1.jpg?w=1280&amp;ssl=1 1280w, https:\/\/i0.wp.com\/destinations-europe.com\/wp-content\/uploads\/2022\/08\/Saint-Sebastien-Cinema-1.jpg?resize=300%2C169&amp;ssl=1 300w, https:\/\/i0.wp.com\/destinations-europe.com\/wp-content\/uploads\/2022\/08\/Saint-Sebastien-Cinema-1.jpg?resize=1024%2C576&amp;ssl=1 1024w, https:\/\/i0.wp.com\/destinations-europe.com\/wp-content\/uploads\/2022\/08\/Saint-Sebastien-Cinema-1.jpg?resize=768%2C432&amp;ssl=1 768w, https:\/\/i0.wp.com\/destinations-europe.com\/wp-content\/uploads\/2022\/08\/Saint-Sebastien-Cinema-1.jpg?resize=1170%2C658&amp;ssl=1 1170w, https:\/\/i0.wp.com\/destinations-europe.com\/wp-content\/uploads\/2022\/08\/Saint-Sebastien-Cinema-1.jpg?resize=585%2C329&amp;ssl=1 585w\" sizes=\"(max-width: 1170px) 100vw, 1170px\" \/><\/figure>\n<\/div>\n\n\n<div style=\"height:50px\" aria-hidden=\"true\" class=\"wp-block-spacer\"><\/div>\n\n\n\n<h2 class=\"wp-block-heading\">In Barcelona for the Festa de la Merc\u00e8 |&nbsp;Spain<\/h2>\n\n\n\n<p class=\"wp-block-paragraph\"><strong>Where?&nbsp;<\/strong>Barcelona, \u200b\u200bthe capital of Catalonia (<a href=\"https:\/\/www.google.com\/maps\/place\/Barcelone,+Espagne\/@41.4423832,-0.5448905,7.33z\/data=!4m5!3m4!1s0x12a49816718e30e5:0x44b0fb3d4f47660a!8m2!3d41.3873974!4d2.168568\" target=\"_blank\" rel=\"noreferrer noopener\" data-penci-link=\"external\"><strong>map<\/strong><\/a><strong>)<\/strong><\/p>\n\n\n\n<p class=\"wp-block-paragraph\"><strong>When?&nbsp;<\/strong>Every September 24th<\/p>\n\n\n\n<p class=\"wp-block-paragraph\">Where should you go in September?&nbsp;To the feast of Merc\u00e8!&nbsp;It&#8217;s a real highlight of the year for Barcelonans (\ud83d\udcd6 <strong><a href=\"https:\/\/destinations-europe.com\/en\/barcelona-essential-things-to-do\/\" data-penci-link=\"internal\" target=\"_blank\">read our guide about Barcelone<\/a><\/strong>) and has been since 1871. This street celebration is in honour of Mare de Deu de la Merc\u00e8, the patron saint of the district, who is said to have protected the region during an invasion of locusts in the 17th century.&nbsp;La Merc\u00e8 is celebrated in many ways: pyrotechnic shows, <em>correfocs<\/em> (literally &#8220;running fires&#8221;), races disguised with fireworks in hand, <em>castells<\/em> (the human castles typical of Catalonia), and plenty of concerts and giant balls which span five days.<\/p>\n\n\n<div class=\"wp-block-image\">\n<figure class=\"aligncenter size-large\"><img data-recalc-dims=\"1\" decoding=\"async\" width=\"1170\" height=\"658\" data-attachment-id=\"19010\" data-permalink=\"https:\/\/destinations-europe.com\/en\/festivals-events-where-go-trip-europe-september\/barcelone-merce-1-2\/\" data-orig-file=\"https:\/\/i0.wp.com\/destinations-europe.com\/wp-content\/uploads\/2022\/08\/Barcelone-Merce-1.jpg?fit=1280%2C720&amp;ssl=1\" data-orig-size=\"1280,720\" data-comments-opened=\"1\" data-image-meta=\"{&quot;aperture&quot;:&quot;0&quot;,&quot;credit&quot;:&quot;&quot;,&quot;camera&quot;:&quot;&quot;,&quot;caption&quot;:&quot;&quot;,&quot;created_timestamp&quot;:&quot;0&quot;,&quot;copyright&quot;:&quot;&quot;,&quot;focal_length&quot;:&quot;0&quot;,&quot;iso&quot;:&quot;0&quot;,&quot;shutter_speed&quot;:&quot;0&quot;,&quot;title&quot;:&quot;&quot;,&quot;orientation&quot;:&quot;0&quot;}\" data-image-title=\"Barcelone-Merce-1\" data-image-description=\"\" data-image-caption=\"\" data-large-file=\"https:\/\/i0.wp.com\/destinations-europe.com\/wp-content\/uploads\/2022\/08\/Barcelone-Merce-1.jpg?fit=1024%2C576&amp;ssl=1\" src=\"https:\/\/i0.wp.com\/destinations-europe.com\/wp-content\/uploads\/2022\/08\/Barcelone-Merce-1.jpg?resize=1170%2C658&#038;ssl=1\" alt=\"\" class=\"wp-image-19010\" srcset=\"https:\/\/i0.wp.com\/destinations-europe.com\/wp-content\/uploads\/2022\/08\/Barcelone-Merce-1.jpg?w=1280&amp;ssl=1 1280w, https:\/\/i0.wp.com\/destinations-europe.com\/wp-content\/uploads\/2022\/08\/Barcelone-Merce-1.jpg?resize=300%2C169&amp;ssl=1 300w, https:\/\/i0.wp.com\/destinations-europe.com\/wp-content\/uploads\/2022\/08\/Barcelone-Merce-1.jpg?resize=1024%2C576&amp;ssl=1 1024w, https:\/\/i0.wp.com\/destinations-europe.com\/wp-content\/uploads\/2022\/08\/Barcelone-Merce-1.jpg?resize=768%2C432&amp;ssl=1 768w, https:\/\/i0.wp.com\/destinations-europe.com\/wp-content\/uploads\/2022\/08\/Barcelone-Merce-1.jpg?resize=1170%2C658&amp;ssl=1 1170w, https:\/\/i0.wp.com\/destinations-europe.com\/wp-content\/uploads\/2022\/08\/Barcelone-Merce-1.jpg?resize=585%2C329&amp;ssl=1 585w\" sizes=\"(max-width: 1170px) 100vw, 1170px\" \/><\/figure>\n<\/div>\n\n\n<div style=\"height:50px\" aria-hidden=\"true\" class=\"wp-block-spacer\"><\/div>\n\n\n\n<h2 class=\"wp-block-heading\">In Deauville for the International American Film Festival |&nbsp;France<\/h2>\n\n\n\n<p class=\"wp-block-paragraph\"><strong>Where?&nbsp;<\/strong>Deauville, Normandy, north-western France (<a href=\"https:\/\/www.google.com\/maps\/place\/Deauville\/@49.3648168,-0.6906278,8.31z\/data=!4m5!3m4!1s0x47e1d4bac4578671:0x40c14484fbcf150!8m2!3d49.353976!4d0.075122\" target=\"_blank\" rel=\"noreferrer noopener\" data-penci-link=\"external\"><strong>map<\/strong><\/a>)<\/p>\n\n\n\n<p class=\"wp-block-paragraph\"><strong>When?&nbsp;<\/strong>Consult&nbsp;<a href=\"https:\/\/www.festival-deauville.com\/\" target=\"_blank\" rel=\"noreferrer noopener\" data-penci-link=\"external\"><strong>the official website of the festival<\/strong><\/a><strong> <\/strong>for the dates of the next festival<\/p>\n\n\n\n<p class=\"wp-block-paragraph\">A love of America and cinema should lead you to this festival dedicated to cinema from across the Atlantic at least once in your life.&nbsp;It first took place in 1975 and the first competition between feature films was held in 1995. Short films were added from 1998.&nbsp;In addition to a fine selection of films, to be devoured in the darkened rooms of the city, the festival is an opportunity for many tourists to discover the region, and in particular the cities of Cabourg, Trouville-sur-Mer, and Hontfleur.<\/p>\n\n\n\n<p class=\"wp-block-paragraph\">\ud83d\udc49 And for a truly star-studded stay, don&#8217;t miss our <strong><a href=\"https:\/\/destinations-europe.com\/en\/deauville-charming-hotels\/\" target=\"_blank\" rel=\"noreferrer noopener\" data-penci-link=\"internal\">selection of charming hotels in Deauville<\/a><\/strong>.<\/p>\n\n\n<div class=\"wp-block-image\">\n<figure class=\"aligncenter size-large\"><img data-recalc-dims=\"1\" decoding=\"async\" width=\"1170\" height=\"658\" data-attachment-id=\"19016\" data-permalink=\"https:\/\/destinations-europe.com\/en\/festivals-events-where-go-trip-europe-september\/deauville-cinema-1-2\/\" data-orig-file=\"https:\/\/i0.wp.com\/destinations-europe.com\/wp-content\/uploads\/2022\/08\/Deauville-cinema-1.jpg?fit=1280%2C720&amp;ssl=1\" data-orig-size=\"1280,720\" data-comments-opened=\"1\" data-image-meta=\"{&quot;aperture&quot;:&quot;0&quot;,&quot;credit&quot;:&quot;&quot;,&quot;camera&quot;:&quot;&quot;,&quot;caption&quot;:&quot;&quot;,&quot;created_timestamp&quot;:&quot;0&quot;,&quot;copyright&quot;:&quot;&quot;,&quot;focal_length&quot;:&quot;0&quot;,&quot;iso&quot;:&quot;0&quot;,&quot;shutter_speed&quot;:&quot;0&quot;,&quot;title&quot;:&quot;&quot;,&quot;orientation&quot;:&quot;0&quot;}\" data-image-title=\"Deauville-cinema-1\" data-image-description=\"\" data-image-caption=\"\" data-large-file=\"https:\/\/i0.wp.com\/destinations-europe.com\/wp-content\/uploads\/2022\/08\/Deauville-cinema-1.jpg?fit=1024%2C576&amp;ssl=1\" src=\"https:\/\/i0.wp.com\/destinations-europe.com\/wp-content\/uploads\/2022\/08\/Deauville-cinema-1.jpg?resize=1170%2C658&#038;ssl=1\" alt=\"\" class=\"wp-image-19016\" srcset=\"https:\/\/i0.wp.com\/destinations-europe.com\/wp-content\/uploads\/2022\/08\/Deauville-cinema-1.jpg?w=1280&amp;ssl=1 1280w, https:\/\/i0.wp.com\/destinations-europe.com\/wp-content\/uploads\/2022\/08\/Deauville-cinema-1.jpg?resize=300%2C169&amp;ssl=1 300w, https:\/\/i0.wp.com\/destinations-europe.com\/wp-content\/uploads\/2022\/08\/Deauville-cinema-1.jpg?resize=1024%2C576&amp;ssl=1 1024w, https:\/\/i0.wp.com\/destinations-europe.com\/wp-content\/uploads\/2022\/08\/Deauville-cinema-1.jpg?resize=768%2C432&amp;ssl=1 768w, https:\/\/i0.wp.com\/destinations-europe.com\/wp-content\/uploads\/2022\/08\/Deauville-cinema-1.jpg?resize=1170%2C658&amp;ssl=1 1170w, https:\/\/i0.wp.com\/destinations-europe.com\/wp-content\/uploads\/2022\/08\/Deauville-cinema-1.jpg?resize=585%2C329&amp;ssl=1 585w\" sizes=\"(max-width: 1170px) 100vw, 1170px\" \/><\/figure>\n<\/div>\n\n\n<div style=\"height:50px\" aria-hidden=\"true\" class=\"wp-block-spacer\"><\/div>\n\n\n\n<h2 class=\"wp-block-heading\">In Stradbally for the Electric Picnic |&nbsp;Ireland<\/h2>\n\n\n\n<p class=\"wp-block-paragraph\"><strong>Where?&nbsp;<\/strong>Stradbally, south-west of Dublin (<a href=\"https:\/\/www.google.com\/maps\/place\/Stradbally,+Co.+Laois,+Irlande\/@52.8998894,-7.4116796,8.96z\/data=!4m5!3m4!1s0x485d72881b2435cd:0xa00c7a99731d0a0!8m2!3d53.0157983!4d-7.1494716\" target=\"_blank\" rel=\"noreferrer noopener\" data-penci-link=\"external\"><strong>map<\/strong><\/a>)<\/p>\n\n\n\n<p class=\"wp-block-paragraph\"><strong>When?&nbsp;<\/strong>For the exact dates, go to&nbsp;<a href=\"https:\/\/www.electricpicnic.ie\/\" target=\"_blank\" rel=\"noreferrer noopener\" data-penci-link=\"external\"><strong>the official website of the event<\/strong><\/a><\/p>\n\n\n\n<p class=\"wp-block-paragraph\">Located just one hour from the Irish capital, 250 hectares of greenery await you for an unmissable event for the country&#8217;s youth (and many others).&nbsp;On the program of this electric and electrifying picnic there is always many concerts, theatrical performances, and many activities around health.&nbsp;The local cuisine is not to be outdone either.&nbsp;An original event that attracts more and more people annually. Remember to book your tickets early!<\/p>\n\n\n\n<h2 class=\"wp-block-heading\">In Munich for the Oktoberfest |&nbsp;Germany<\/h2>\n\n\n\n<p class=\"wp-block-paragraph\"><strong>Where?&nbsp;<\/strong>Munich, capital of Bavaria, in southern Germany (<a href=\"https:\/\/www.google.com\/maps\/place\/Munich,+Allemagne\/@48.0293628,10.1527232,8z\/data=!4m5!3m4!1s0x479e75f9a38c5fd9:0x10cb84a7db1987d!8m2!3d48.1351253!4d11.5819805\" target=\"_blank\" rel=\"noreferrer noopener\" data-penci-link=\"external\"><strong>map<\/strong><\/a>)<\/p>\n\n\n\n<p class=\"wp-block-paragraph\"><strong>When?&nbsp;<\/strong>The first Saturday after September 15th<\/p>\n\n\n\n<p class=\"wp-block-paragraph\">Still wondering where to go in September?&nbsp;The Oktoberfest!&nbsp;This event is not only European, it\u2019s global.&nbsp;The Munich Oktoberfest, or simply \u201cOktoberfest\u201d, attracts millions of visitors every year.&nbsp;It begins on the first Saturday of the second half of September at noon exactly and ends on the first Sunday of the following month: the &#8220;October Festival&#8221; is therefore a bit of a misnomer.&nbsp;But who cares!&nbsp;The festivities begin with a giant parade in traditional costume, then take place in large tents where beer flows freely for more than a fortnight.&nbsp;A very attractive program.<\/p>\n\n\n<div class=\"wp-block-image\">\n<figure class=\"aligncenter size-large\"><img data-recalc-dims=\"1\" decoding=\"async\" width=\"1170\" height=\"658\" data-attachment-id=\"19019\" data-permalink=\"https:\/\/destinations-europe.com\/en\/festivals-events-where-go-trip-europe-september\/oktoberfest-munich-1-2\/\" data-orig-file=\"https:\/\/i0.wp.com\/destinations-europe.com\/wp-content\/uploads\/2022\/08\/Oktoberfest-Munich-1.jpg?fit=1280%2C720&amp;ssl=1\" data-orig-size=\"1280,720\" data-comments-opened=\"1\" data-image-meta=\"{&quot;aperture&quot;:&quot;0&quot;,&quot;credit&quot;:&quot;&quot;,&quot;camera&quot;:&quot;&quot;,&quot;caption&quot;:&quot;&quot;,&quot;created_timestamp&quot;:&quot;0&quot;,&quot;copyright&quot;:&quot;&quot;,&quot;focal_length&quot;:&quot;0&quot;,&quot;iso&quot;:&quot;0&quot;,&quot;shutter_speed&quot;:&quot;0&quot;,&quot;title&quot;:&quot;&quot;,&quot;orientation&quot;:&quot;0&quot;}\" data-image-title=\"Oktoberfest-Munich-1\" data-image-description=\"\" data-image-caption=\"\" data-large-file=\"https:\/\/i0.wp.com\/destinations-europe.com\/wp-content\/uploads\/2022\/08\/Oktoberfest-Munich-1.jpg?fit=1024%2C576&amp;ssl=1\" src=\"https:\/\/i0.wp.com\/destinations-europe.com\/wp-content\/uploads\/2022\/08\/Oktoberfest-Munich-1.jpg?resize=1170%2C658&#038;ssl=1\" alt=\"\" class=\"wp-image-19019\" srcset=\"https:\/\/i0.wp.com\/destinations-europe.com\/wp-content\/uploads\/2022\/08\/Oktoberfest-Munich-1.jpg?w=1280&amp;ssl=1 1280w, https:\/\/i0.wp.com\/destinations-europe.com\/wp-content\/uploads\/2022\/08\/Oktoberfest-Munich-1.jpg?resize=300%2C169&amp;ssl=1 300w, https:\/\/i0.wp.com\/destinations-europe.com\/wp-content\/uploads\/2022\/08\/Oktoberfest-Munich-1.jpg?resize=1024%2C576&amp;ssl=1 1024w, https:\/\/i0.wp.com\/destinations-europe.com\/wp-content\/uploads\/2022\/08\/Oktoberfest-Munich-1.jpg?resize=768%2C432&amp;ssl=1 768w, https:\/\/i0.wp.com\/destinations-europe.com\/wp-content\/uploads\/2022\/08\/Oktoberfest-Munich-1.jpg?resize=1170%2C658&amp;ssl=1 1170w, https:\/\/i0.wp.com\/destinations-europe.com\/wp-content\/uploads\/2022\/08\/Oktoberfest-Munich-1.jpg?resize=585%2C329&amp;ssl=1 585w\" sizes=\"(max-width: 1170px) 100vw, 1170px\" \/><\/figure>\n<\/div>\n\n\n<div style=\"height:50px\" aria-hidden=\"true\" class=\"wp-block-spacer\"><\/div>\n\n\n\n<h2 class=\"wp-block-heading\">In Venice for the Mostra |&nbsp;Italy<\/h2>\n\n\n\n<p class=\"wp-block-paragraph\"><strong>Where?&nbsp;<\/strong>Venice, in north-eastern Italy (<a href=\"https:\/\/www.google.com\/maps\/place\/Venise,+Italie\/@45.0254596,11.9560891,8z\/data=!4m5!3m4!1s0x477eb1daf1d63d89:0x7ba3c6f0bd92102f!8m2!3d45.4408474!4d12.3155151\" target=\"_blank\" rel=\"noreferrer noopener\" data-penci-link=\"external\"><strong>map<\/strong><\/a>)<\/p>\n\n\n\n<p class=\"wp-block-paragraph\"><strong>When?&nbsp;<\/strong>For the dates of the next festival, go to the&nbsp;<a href=\"https:\/\/www.labiennale.org\/en\/cinema\/\" target=\"_blank\" rel=\"noreferrer noopener\" data-penci-link=\"external\"><strong>official website<\/strong><\/a><\/p>\n\n\n\n<p class=\"wp-block-paragraph\">Another major cinema event in September and what an event!&nbsp;Created in the early 1930s, the Mostra is part of the larger organization of the Venice Biennale, the famous contemporary art festival.&nbsp;As at the Cannes Film Festival, there are several sections and a competition between feature films.&nbsp;At stake: the famous Golden Lion.&nbsp;The Mostra is also the ideal opportunity to visit the Serenissima at the very end of the high season.&nbsp;Double hit!<\/p>\n\n\n\n<p class=\"wp-block-paragraph\">\ud83d\udc49 Here again, we have some very nice hotels for you. Some with <strong><a href=\"https:\/\/destinations-europe.com\/en\/venice-romantic-hotels-view-grand-canal\/\" target=\"_blank\" rel=\"noreferrer noopener\" data-penci-link=\"internal\">a view of the Grand Canal<\/a><\/strong>, others with <strong><a href=\"https:\/\/destinations-europe.com\/en\/best-hotels-private-jacuzzi-venice\/\" target=\"_blank\" rel=\"noreferrer noopener\" data-penci-link=\"internal\">a private Jacuzzi<\/a><\/strong>.<\/p>\n\n\n<div class=\"wp-block-image\">\n<figure class=\"aligncenter size-large\"><img data-recalc-dims=\"1\" decoding=\"async\" width=\"1170\" height=\"658\" data-attachment-id=\"19021\" data-permalink=\"https:\/\/destinations-europe.com\/en\/festivals-events-where-go-trip-europe-september\/mostra-venise-1-2\/\" data-orig-file=\"https:\/\/i0.wp.com\/destinations-europe.com\/wp-content\/uploads\/2022\/08\/Mostra-Venise-1.jpg?fit=1280%2C720&amp;ssl=1\" data-orig-size=\"1280,720\" data-comments-opened=\"1\" data-image-meta=\"{&quot;aperture&quot;:&quot;0&quot;,&quot;credit&quot;:&quot;&quot;,&quot;camera&quot;:&quot;&quot;,&quot;caption&quot;:&quot;&quot;,&quot;created_timestamp&quot;:&quot;0&quot;,&quot;copyright&quot;:&quot;&quot;,&quot;focal_length&quot;:&quot;0&quot;,&quot;iso&quot;:&quot;0&quot;,&quot;shutter_speed&quot;:&quot;0&quot;,&quot;title&quot;:&quot;&quot;,&quot;orientation&quot;:&quot;0&quot;}\" data-image-title=\"Mostra-Venise-1\" data-image-description=\"\" data-image-caption=\"\" data-large-file=\"https:\/\/i0.wp.com\/destinations-europe.com\/wp-content\/uploads\/2022\/08\/Mostra-Venise-1.jpg?fit=1024%2C576&amp;ssl=1\" src=\"https:\/\/i0.wp.com\/destinations-europe.com\/wp-content\/uploads\/2022\/08\/Mostra-Venise-1.jpg?resize=1170%2C658&#038;ssl=1\" alt=\"\" class=\"wp-image-19021\" srcset=\"https:\/\/i0.wp.com\/destinations-europe.com\/wp-content\/uploads\/2022\/08\/Mostra-Venise-1.jpg?w=1280&amp;ssl=1 1280w, https:\/\/i0.wp.com\/destinations-europe.com\/wp-content\/uploads\/2022\/08\/Mostra-Venise-1.jpg?resize=300%2C169&amp;ssl=1 300w, https:\/\/i0.wp.com\/destinations-europe.com\/wp-content\/uploads\/2022\/08\/Mostra-Venise-1.jpg?resize=1024%2C576&amp;ssl=1 1024w, https:\/\/i0.wp.com\/destinations-europe.com\/wp-content\/uploads\/2022\/08\/Mostra-Venise-1.jpg?resize=768%2C432&amp;ssl=1 768w, https:\/\/i0.wp.com\/destinations-europe.com\/wp-content\/uploads\/2022\/08\/Mostra-Venise-1.jpg?resize=1170%2C658&amp;ssl=1 1170w, https:\/\/i0.wp.com\/destinations-europe.com\/wp-content\/uploads\/2022\/08\/Mostra-Venise-1.jpg?resize=585%2C329&amp;ssl=1 585w\" sizes=\"(max-width: 1170px) 100vw, 1170px\" \/><\/figure>\n<\/div>\n\n\n<div style=\"height:50px\" aria-hidden=\"true\" class=\"wp-block-spacer\"><\/div>\n\n\n\n<h2 class=\"wp-block-heading\">In Savonlinna for the Savonlinna Opera Festival |&nbsp;Finland<\/h2>\n\n\n\n<p class=\"wp-block-paragraph\"><strong>Where?&nbsp;<\/strong>Savonlinna, north-east of Helsinki (<a href=\"https:\/\/www.google.com\/maps\/place\/Savonlinna,+Finlande\/@61.4045381,26.4005311,7z\/data=!4m5!3m4!1s0x469a507857f71da5:0xad159d48cd67bc4e!8m2!3d61.8679728!4d28.8863843\" target=\"_blank\" rel=\"noreferrer noopener\" data-penci-link=\"external\"><strong>map<\/strong><\/a>)<\/p>\n\n\n\n<p class=\"wp-block-paragraph\"><strong>When?&nbsp;<\/strong>For the exact dates, check&nbsp;<a href=\"https:\/\/operafestival.fi\/en\/\" target=\"_blank\" rel=\"noreferrer noopener\" data-penci-link=\"external\"><strong>the official festival website<\/strong><\/a><\/p>\n\n\n\n<p class=\"wp-block-paragraph\">For moviegoers, September is a blessed month.&nbsp;But there is also plenty for opera fans to do, especially in the heart of Finland.&nbsp;The Savonlinna Opera Festival has the particular attraction of being held in a fortified castle.&nbsp;More precisely, the castle of Olav, built in 1475, in a spectacular lakeside environment.&nbsp;The programming is world-class and many companies perform throughout the month in which the festivities take place.&nbsp;Visitors usually average around 70,000 in number. A beautiful event that benefits both the eyes and the ears!<\/p>\n\n\n\n<p class=\"has-background wp-block-paragraph\" style=\"background-color:#d2eeff\"><strong>A bit of magic?&nbsp;<\/strong>Finland is also home to Santa Claus Village.&nbsp;Yes! For more information, visit<a href=\"https:\/\/destinations-europe.com\/en\/how-to-visit-santa-claus-village-in-lapland\/\" target=\"_blank\" rel=\"noreferrer noopener\" data-penci-link=\"internal\"><strong> this article,<\/strong><\/a>&nbsp;where we tell you how to visit it.<\/p>\n\n\n\n<h2 class=\"wp-block-heading\">On Mallorca for the Fiesta Rey En Jaume | Spain<\/h2>\n\n\n\n<p class=\"wp-block-paragraph\"><strong>Where?<\/strong> Majorca, off the coast of Valencia, Spain (<strong><a href=\"https:\/\/maps.app.goo.gl\/K455ayNXsrKibwpa6\" target=\"_blank\" rel=\"noreferrer noopener\" data-penci-link=\"external\">map<\/a><\/strong>)<\/p>\n\n\n\n<p class=\"wp-block-paragraph\"><strong>When? <\/strong>Every year, at the beginning of September<\/p>\n\n\n\n<p class=\"wp-block-paragraph\">This festival is deeply rooted in history and tradition, commemorating the liberation of Majorca from the Moors in 1229. The event includes historical re-enactments, traditional cuisines, dances, sports, and parades, offering a unique way to experience Spanish and local cultures. The highlight of the festival are the re-enactment battles held on Playa Grande beach and Calo d\u2019en Pellicer beach. The festivities conclude with a grand finale on the last Sunday, featuring delicious foods and spectacular fireworks.<\/p>\n\n\n<div class=\"wp-block-image\">\n<figure class=\"aligncenter size-large\"><img data-recalc-dims=\"1\" decoding=\"async\" width=\"1170\" height=\"658\" data-attachment-id=\"34461\" data-permalink=\"https:\/\/destinations-europe.com\/en\/festivals-events-where-go-trip-europe-september\/majorque-septembre\/\" data-orig-file=\"https:\/\/i0.wp.com\/destinations-europe.com\/wp-content\/uploads\/2023\/12\/Majorque-Septembre.jpeg?fit=1280%2C720&amp;ssl=1\" data-orig-size=\"1280,720\" data-comments-opened=\"1\" data-image-meta=\"{&quot;aperture&quot;:&quot;0&quot;,&quot;credit&quot;:&quot;&quot;,&quot;camera&quot;:&quot;&quot;,&quot;caption&quot;:&quot;&quot;,&quot;created_timestamp&quot;:&quot;0&quot;,&quot;copyright&quot;:&quot;&quot;,&quot;focal_length&quot;:&quot;0&quot;,&quot;iso&quot;:&quot;0&quot;,&quot;shutter_speed&quot;:&quot;0&quot;,&quot;title&quot;:&quot;&quot;,&quot;orientation&quot;:&quot;0&quot;}\" data-image-title=\"Majorque-Septembre\" data-image-description=\"\" data-image-caption=\"\" data-large-file=\"https:\/\/i0.wp.com\/destinations-europe.com\/wp-content\/uploads\/2023\/12\/Majorque-Septembre.jpeg?fit=1024%2C576&amp;ssl=1\" src=\"https:\/\/i0.wp.com\/destinations-europe.com\/wp-content\/uploads\/2023\/12\/Majorque-Septembre.jpeg?resize=1170%2C658&#038;ssl=1\" alt=\"\" class=\"wp-image-34461\" srcset=\"https:\/\/i0.wp.com\/destinations-europe.com\/wp-content\/uploads\/2023\/12\/Majorque-Septembre.jpeg?w=1280&amp;ssl=1 1280w, https:\/\/i0.wp.com\/destinations-europe.com\/wp-content\/uploads\/2023\/12\/Majorque-Septembre.jpeg?resize=300%2C169&amp;ssl=1 300w, https:\/\/i0.wp.com\/destinations-europe.com\/wp-content\/uploads\/2023\/12\/Majorque-Septembre.jpeg?resize=1024%2C576&amp;ssl=1 1024w, https:\/\/i0.wp.com\/destinations-europe.com\/wp-content\/uploads\/2023\/12\/Majorque-Septembre.jpeg?resize=768%2C432&amp;ssl=1 768w, https:\/\/i0.wp.com\/destinations-europe.com\/wp-content\/uploads\/2023\/12\/Majorque-Septembre.jpeg?resize=1170%2C658&amp;ssl=1 1170w, https:\/\/i0.wp.com\/destinations-europe.com\/wp-content\/uploads\/2023\/12\/Majorque-Septembre.jpeg?resize=585%2C329&amp;ssl=1 585w\" sizes=\"(max-width: 1170px) 100vw, 1170px\" \/><\/figure>\n<\/div>\n\n\n<div style=\"height:50px\" aria-hidden=\"true\" class=\"wp-block-spacer\"><\/div>\n\n\n\n<p class=\"wp-block-paragraph\"><strong>There you go, our little list of destinations for a trip to in Europe in September is over.&nbsp;But this is obviously not everything,&nbsp;so don&#8217;t hesitate to share your ideas with us in the comments.<\/strong><\/p>\n","protected":false},"excerpt":{"rendered":"<p>Vacations are over.&nbsp;Finally, for many.&nbsp;But after the many&nbsp;events of the summer, the month of September is not to be underestimated.&nbsp;The start of the new school&hellip;<\/p>\n","protected":false},"author":152872159,"featured_media":11005,"comment_status":"open","ping_status":"closed","sticky":false,"template":"","format":"standard","meta":{"_crdt_document":"","_lmt_disableupdate":"","_lmt_disable":"","_jetpack_newsletter_access":"","_jetpack_dont_email_post_to_subs":false,"_jetpack_newsletter_tier_id":0,"_jetpack_memberships_contains_paywalled_content":false,"_jetpack_memberships_contains_paid_content":false,"footnotes":"","jetpack_publicize_message":"","jetpack_publicize_feature_enabled":true,"jetpack_social_post_already_shared":true,"jetpack_social_options":{"image_generator_settings":{"template":"highway","default_image_id":0,"font":"","enabled":false},"version":2},"_wpas_customize_per_network":false,"jetpack_post_was_ever_published":false},"categories":[426758961],"tags":[426759265],"class_list":["post-19028","post","type-post","status-publish","format-standard","has-post-thumbnail","hentry","category-visit-europe","tag-travel-calendar"],"featured_image_src":"https:\/\/i0.wp.com\/destinations-europe.com\/wp-content\/uploads\/2021\/08\/Septembre-selection.jpg?fit=1200%2C628&ssl=1","author_info":{"display_name":"Destination(s) Europe","author_link":"https:\/\/destinations-europe.com\/en\/author\/alexandrearp\/"},"yoast_head":"<!-- This site is optimized with the Yoast SEO plugin v27.5 - https:\/\/yoast.com\/product\/yoast-seo-wordpress\/ -->\n<title>Festivals, events: where to go on a trip to Europe in September<\/title>\n<meta name=\"description\" content=\"Here is where to go on a trip to Europe in September, depending on the festivals and events taking place there.\" \/>\n<meta name=\"robots\" content=\"index, follow, max-snippet:-1, max-image-preview:large, max-video-preview:-1\" \/>\n<link rel=\"canonical\" href=\"https:\/\/destinations-europe.com\/en\/festivals-events-where-go-trip-europe-september\/\" \/>\n<meta property=\"og:locale\" content=\"en_US\" \/>\n<meta property=\"og:type\" content=\"article\" \/>\n<meta property=\"og:title\" content=\"Festivals, events: where to go on a trip to Europe in September\" \/>\n<meta property=\"og:description\" content=\"Here is where to go on a trip to Europe in September, depending on the festivals and events taking place there.\" \/>\n<meta property=\"og:url\" content=\"https:\/\/destinations-europe.com\/en\/festivals-events-where-go-trip-europe-september\/\" \/>\n<meta property=\"og:site_name\" content=\"Destination(s) Europe\" \/>\n<meta property=\"article:publisher\" content=\"https:\/\/www.facebook.com\/DestinationsEurope\" \/>\n<meta property=\"article:author\" content=\"https:\/\/www.facebook.com\/DestinationsEurope\" \/>\n<meta property=\"article:published_time\" content=\"2022-08-20T08:59:04+00:00\" \/>\n<meta property=\"article:modified_time\" content=\"2023-12-27T18:05:48+00:00\" \/>\n<meta property=\"og:image\" content=\"https:\/\/destinations-europe.com\/wp-content\/uploads\/2021\/08\/Septembre-selection.jpg\" \/>\n\t<meta property=\"og:image:width\" content=\"1200\" \/>\n\t<meta property=\"og:image:height\" content=\"628\" \/>\n\t<meta property=\"og:image:type\" content=\"image\/jpeg\" \/>\n<meta name=\"author\" content=\"Destination(s) Europe\" \/>\n<meta name=\"twitter:card\" content=\"summary_large_image\" \/>\n<meta name=\"twitter:creator\" content=\"@DestinationsEU\" \/>\n<meta name=\"twitter:site\" content=\"@DestinationsEU\" \/>\n<meta name=\"twitter:label1\" content=\"Written by\" \/>\n\t<meta name=\"twitter:data1\" content=\"Destination(s) Europe\" \/>\n\t<meta name=\"twitter:label2\" content=\"Est. reading time\" \/>\n\t<meta name=\"twitter:data2\" content=\"8 minutes\" \/>\n<script type=\"application\/ld+json\" class=\"yoast-schema-graph\">{\"@context\":\"https:\\\/\\\/schema.org\",\"@graph\":[{\"@type\":\"Article\",\"@id\":\"https:\\\/\\\/destinations-europe.com\\\/en\\\/festivals-events-where-go-trip-europe-september\\\/#article\",\"isPartOf\":{\"@id\":\"https:\\\/\\\/destinations-europe.com\\\/en\\\/festivals-events-where-go-trip-europe-september\\\/\"},\"author\":{\"name\":\"Destination(s) Europe\",\"@id\":\"http:\\\/\\\/destinations-europe.com\\\/en\\\/#\\\/schema\\\/person\\\/09d9afb8acf8e88280b77599817884e6\"},\"headline\":\"Festivals, events: where to go on a trip to Europe in September\",\"datePublished\":\"2022-08-20T08:59:04+00:00\",\"dateModified\":\"2023-12-27T18:05:48+00:00\",\"mainEntityOfPage\":{\"@id\":\"https:\\\/\\\/destinations-europe.com\\\/en\\\/festivals-events-where-go-trip-europe-september\\\/\"},\"wordCount\":1240,\"commentCount\":0,\"publisher\":{\"@id\":\"http:\\\/\\\/destinations-europe.com\\\/en\\\/#organization\"},\"image\":{\"@id\":\"https:\\\/\\\/destinations-europe.com\\\/en\\\/festivals-events-where-go-trip-europe-september\\\/#primaryimage\"},\"thumbnailUrl\":\"https:\\\/\\\/i0.wp.com\\\/destinations-europe.com\\\/wp-content\\\/uploads\\\/2021\\\/08\\\/Septembre-selection.jpg?fit=1200%2C628&ssl=1\",\"keywords\":[\"Travel Calendar\"],\"articleSection\":[\"EUROPE\"],\"inLanguage\":\"en-US\",\"potentialAction\":[{\"@type\":\"CommentAction\",\"name\":\"Comment\",\"target\":[\"https:\\\/\\\/destinations-europe.com\\\/en\\\/festivals-events-where-go-trip-europe-september\\\/#respond\"]}]},{\"@type\":\"WebPage\",\"@id\":\"https:\\\/\\\/destinations-europe.com\\\/en\\\/festivals-events-where-go-trip-europe-september\\\/\",\"url\":\"https:\\\/\\\/destinations-europe.com\\\/en\\\/festivals-events-where-go-trip-europe-september\\\/\",\"name\":\"Festivals, events: where to go on a trip to Europe in September\",\"isPartOf\":{\"@id\":\"http:\\\/\\\/destinations-europe.com\\\/en\\\/#website\"},\"primaryImageOfPage\":{\"@id\":\"https:\\\/\\\/destinations-europe.com\\\/en\\\/festivals-events-where-go-trip-europe-september\\\/#primaryimage\"},\"image\":{\"@id\":\"https:\\\/\\\/destinations-europe.com\\\/en\\\/festivals-events-where-go-trip-europe-september\\\/#primaryimage\"},\"thumbnailUrl\":\"https:\\\/\\\/i0.wp.com\\\/destinations-europe.com\\\/wp-content\\\/uploads\\\/2021\\\/08\\\/Septembre-selection.jpg?fit=1200%2C628&ssl=1\",\"datePublished\":\"2022-08-20T08:59:04+00:00\",\"dateModified\":\"2023-12-27T18:05:48+00:00\",\"description\":\"Here is where to go on a trip to Europe in September, depending on the festivals and events taking place there.\",\"breadcrumb\":{\"@id\":\"https:\\\/\\\/destinations-europe.com\\\/en\\\/festivals-events-where-go-trip-europe-september\\\/#breadcrumb\"},\"inLanguage\":\"en-US\",\"potentialAction\":[{\"@type\":\"ReadAction\",\"target\":[\"https:\\\/\\\/destinations-europe.com\\\/en\\\/festivals-events-where-go-trip-europe-september\\\/\"]}]},{\"@type\":\"ImageObject\",\"inLanguage\":\"en-US\",\"@id\":\"https:\\\/\\\/destinations-europe.com\\\/en\\\/festivals-events-where-go-trip-europe-september\\\/#primaryimage\",\"url\":\"https:\\\/\\\/i0.wp.com\\\/destinations-europe.com\\\/wp-content\\\/uploads\\\/2021\\\/08\\\/Septembre-selection.jpg?fit=1200%2C628&ssl=1\",\"contentUrl\":\"https:\\\/\\\/i0.wp.com\\\/destinations-europe.com\\\/wp-content\\\/uploads\\\/2021\\\/08\\\/Septembre-selection.jpg?fit=1200%2C628&ssl=1\",\"width\":1200,\"height\":628,\"caption\":\"Liste des destinations \u00e0 faire en Europe au mois de septembre.\"},{\"@type\":\"BreadcrumbList\",\"@id\":\"https:\\\/\\\/destinations-europe.com\\\/en\\\/festivals-events-where-go-trip-europe-september\\\/#breadcrumb\",\"itemListElement\":[{\"@type\":\"ListItem\",\"position\":1,\"name\":\"Accueil\",\"item\":\"http:\\\/\\\/destinations-europe.com\\\/en\\\/\"},{\"@type\":\"ListItem\",\"position\":2,\"name\":\"Festivals, events: where to go on a trip to Europe in September\"}]},{\"@type\":\"WebSite\",\"@id\":\"http:\\\/\\\/destinations-europe.com\\\/en\\\/#website\",\"url\":\"http:\\\/\\\/destinations-europe.com\\\/en\\\/\",\"name\":\"Destination(s) Europe\",\"description\":\"Your Next Getaway in Europe\",\"publisher\":{\"@id\":\"http:\\\/\\\/destinations-europe.com\\\/en\\\/#organization\"},\"potentialAction\":[{\"@type\":\"SearchAction\",\"target\":{\"@type\":\"EntryPoint\",\"urlTemplate\":\"http:\\\/\\\/destinations-europe.com\\\/en\\\/?s={search_term_string}\"},\"query-input\":{\"@type\":\"PropertyValueSpecification\",\"valueRequired\":true,\"valueName\":\"search_term_string\"}}],\"inLanguage\":\"en-US\"},{\"@type\":\"Organization\",\"@id\":\"http:\\\/\\\/destinations-europe.com\\\/en\\\/#organization\",\"name\":\"Destination(s) Europe\",\"url\":\"http:\\\/\\\/destinations-europe.com\\\/en\\\/\",\"logo\":{\"@type\":\"ImageObject\",\"inLanguage\":\"en-US\",\"@id\":\"http:\\\/\\\/destinations-europe.com\\\/en\\\/#\\\/schema\\\/logo\\\/image\\\/\",\"url\":\"https:\\\/\\\/i0.wp.com\\\/destinations-europe.com\\\/wp-content\\\/uploads\\\/2022\\\/02\\\/Logo-Desti-Faible-Poids.jpg?fit=900%2C278&ssl=1\",\"contentUrl\":\"https:\\\/\\\/i0.wp.com\\\/destinations-europe.com\\\/wp-content\\\/uploads\\\/2022\\\/02\\\/Logo-Desti-Faible-Poids.jpg?fit=900%2C278&ssl=1\",\"width\":900,\"height\":278,\"caption\":\"Destination(s) Europe\"},\"image\":{\"@id\":\"http:\\\/\\\/destinations-europe.com\\\/en\\\/#\\\/schema\\\/logo\\\/image\\\/\"},\"sameAs\":[\"https:\\\/\\\/www.facebook.com\\\/DestinationsEurope\",\"https:\\\/\\\/x.com\\\/DestinationsEU\",\"https:\\\/\\\/www.instagram.com\\\/destinationseurope_\",\"https:\\\/\\\/www.pinterest.fr\\\/DestinationsEurope\",\"https:\\\/\\\/www.youtube.com\\\/channel\\\/UCmrqhdaA9ttCyq-_aFC3fmQ\"]},{\"@type\":\"Person\",\"@id\":\"http:\\\/\\\/destinations-europe.com\\\/en\\\/#\\\/schema\\\/person\\\/09d9afb8acf8e88280b77599817884e6\",\"name\":\"Destination(s) Europe\",\"image\":{\"@type\":\"ImageObject\",\"inLanguage\":\"en-US\",\"@id\":\"https:\\\/\\\/secure.gravatar.com\\\/avatar\\\/a9c8e282bf87ad4d332acfdc03c9f16b367a3df214ed8faa579f1b3ca7e5bbc0?s=96&d=identicon&r=g\",\"url\":\"https:\\\/\\\/secure.gravatar.com\\\/avatar\\\/a9c8e282bf87ad4d332acfdc03c9f16b367a3df214ed8faa579f1b3ca7e5bbc0?s=96&d=identicon&r=g\",\"contentUrl\":\"https:\\\/\\\/secure.gravatar.com\\\/avatar\\\/a9c8e282bf87ad4d332acfdc03c9f16b367a3df214ed8faa579f1b3ca7e5bbc0?s=96&d=identicon&r=g\",\"caption\":\"Destination(s) Europe\"},\"description\":\"Contenu r\u00e9dig\u00e9 par les blogueurs de la r\u00e9daction | Article by the Editorial Staff\",\"sameAs\":[\"http:\\\/\\\/destinations-europe.com\",\"https:\\\/\\\/www.facebook.com\\\/DestinationsEurope\",\"https:\\\/\\\/x.com\\\/@DestinationsEU\",\"https:\\\/\\\/www.youtube.com\\\/channel\\\/UCmrqhdaA9ttCyq-_aFC3fmQ\"]}]}<\/script>\n<!-- \/ Yoast SEO plugin. -->","yoast_head_json":{"title":"Festivals, events: where to go on a trip to Europe in September","description":"Here is where to go on a trip to Europe in September, depending on the festivals and events taking place there.","robots":{"index":"index","follow":"follow","max-snippet":"max-snippet:-1","max-image-preview":"max-image-preview:large","max-video-preview":"max-video-preview:-1"},"canonical":"https:\/\/destinations-europe.com\/en\/festivals-events-where-go-trip-europe-september\/","og_locale":"en_US","og_type":"article","og_title":"Festivals, events: where to go on a trip to Europe in September","og_description":"Here is where to go on a trip to Europe in September, depending on the festivals and events taking place there.","og_url":"https:\/\/destinations-europe.com\/en\/festivals-events-where-go-trip-europe-september\/","og_site_name":"Destination(s) Europe","article_publisher":"https:\/\/www.facebook.com\/DestinationsEurope","article_author":"https:\/\/www.facebook.com\/DestinationsEurope","article_published_time":"2022-08-20T08:59:04+00:00","article_modified_time":"2023-12-27T18:05:48+00:00","og_image":[{"width":1200,"height":628,"url":"https:\/\/destinations-europe.com\/wp-content\/uploads\/2021\/08\/Septembre-selection.jpg","type":"image\/jpeg"}],"author":"Destination(s) Europe","twitter_card":"summary_large_image","twitter_creator":"@DestinationsEU","twitter_site":"@DestinationsEU","twitter_misc":{"Written by":"Destination(s) Europe","Est. reading time":"8 minutes"},"schema":{"@context":"https:\/\/schema.org","@graph":[{"@type":"Article","@id":"https:\/\/destinations-europe.com\/en\/festivals-events-where-go-trip-europe-september\/#article","isPartOf":{"@id":"https:\/\/destinations-europe.com\/en\/festivals-events-where-go-trip-europe-september\/"},"author":{"name":"Destination(s) Europe","@id":"http:\/\/destinations-europe.com\/en\/#\/schema\/person\/09d9afb8acf8e88280b77599817884e6"},"headline":"Festivals, events: where to go on a trip to Europe in September","datePublished":"2022-08-20T08:59:04+00:00","dateModified":"2023-12-27T18:05:48+00:00","mainEntityOfPage":{"@id":"https:\/\/destinations-europe.com\/en\/festivals-events-where-go-trip-europe-september\/"},"wordCount":1240,"commentCount":0,"publisher":{"@id":"http:\/\/destinations-europe.com\/en\/#organization"},"image":{"@id":"https:\/\/destinations-europe.com\/en\/festivals-events-where-go-trip-europe-september\/#primaryimage"},"thumbnailUrl":"https:\/\/i0.wp.com\/destinations-europe.com\/wp-content\/uploads\/2021\/08\/Septembre-selection.jpg?fit=1200%2C628&ssl=1","keywords":["Travel Calendar"],"articleSection":["EUROPE"],"inLanguage":"en-US","potentialAction":[{"@type":"CommentAction","name":"Comment","target":["https:\/\/destinations-europe.com\/en\/festivals-events-where-go-trip-europe-september\/#respond"]}]},{"@type":"WebPage","@id":"https:\/\/destinations-europe.com\/en\/festivals-events-where-go-trip-europe-september\/","url":"https:\/\/destinations-europe.com\/en\/festivals-events-where-go-trip-europe-september\/","name":"Festivals, events: where to go on a trip to Europe in September","isPartOf":{"@id":"http:\/\/destinations-europe.com\/en\/#website"},"primaryImageOfPage":{"@id":"https:\/\/destinations-europe.com\/en\/festivals-events-where-go-trip-europe-september\/#primaryimage"},"image":{"@id":"https:\/\/destinations-europe.com\/en\/festivals-events-where-go-trip-europe-september\/#primaryimage"},"thumbnailUrl":"https:\/\/i0.wp.com\/destinations-europe.com\/wp-content\/uploads\/2021\/08\/Septembre-selection.jpg?fit=1200%2C628&ssl=1","datePublished":"2022-08-20T08:59:04+00:00","dateModified":"2023-12-27T18:05:48+00:00","description":"Here is where to go on a trip to Europe in September, depending on the festivals and events taking place there.","breadcrumb":{"@id":"https:\/\/destinations-europe.com\/en\/festivals-events-where-go-trip-europe-september\/#breadcrumb"},"inLanguage":"en-US","potentialAction":[{"@type":"ReadAction","target":["https:\/\/destinations-europe.com\/en\/festivals-events-where-go-trip-europe-september\/"]}]},{"@type":"ImageObject","inLanguage":"en-US","@id":"https:\/\/destinations-europe.com\/en\/festivals-events-where-go-trip-europe-september\/#primaryimage","url":"https:\/\/i0.wp.com\/destinations-europe.com\/wp-content\/uploads\/2021\/08\/Septembre-selection.jpg?fit=1200%2C628&ssl=1","contentUrl":"https:\/\/i0.wp.com\/destinations-europe.com\/wp-content\/uploads\/2021\/08\/Septembre-selection.jpg?fit=1200%2C628&ssl=1","width":1200,"height":628,"caption":"Liste des destinations \u00e0 faire en Europe au mois de septembre."},{"@type":"BreadcrumbList","@id":"https:\/\/destinations-europe.com\/en\/festivals-events-where-go-trip-europe-september\/#breadcrumb","itemListElement":[{"@type":"ListItem","position":1,"name":"Accueil","item":"http:\/\/destinations-europe.com\/en\/"},{"@type":"ListItem","position":2,"name":"Festivals, events: where to go on a trip to Europe in September"}]},{"@type":"WebSite","@id":"http:\/\/destinations-europe.com\/en\/#website","url":"http:\/\/destinations-europe.com\/en\/","name":"Destination(s) Europe","description":"Your Next Getaway in Europe","publisher":{"@id":"http:\/\/destinations-europe.com\/en\/#organization"},"potentialAction":[{"@type":"SearchAction","target":{"@type":"EntryPoint","urlTemplate":"http:\/\/destinations-europe.com\/en\/?s={search_term_string}"},"query-input":{"@type":"PropertyValueSpecification","valueRequired":true,"valueName":"search_term_string"}}],"inLanguage":"en-US"},{"@type":"Organization","@id":"http:\/\/destinations-europe.com\/en\/#organization","name":"Destination(s) Europe","url":"http:\/\/destinations-europe.com\/en\/","logo":{"@type":"ImageObject","inLanguage":"en-US","@id":"http:\/\/destinations-europe.com\/en\/#\/schema\/logo\/image\/","url":"https:\/\/i0.wp.com\/destinations-europe.com\/wp-content\/uploads\/2022\/02\/Logo-Desti-Faible-Poids.jpg?fit=900%2C278&ssl=1","contentUrl":"https:\/\/i0.wp.com\/destinations-europe.com\/wp-content\/uploads\/2022\/02\/Logo-Desti-Faible-Poids.jpg?fit=900%2C278&ssl=1","width":900,"height":278,"caption":"Destination(s) Europe"},"image":{"@id":"http:\/\/destinations-europe.com\/en\/#\/schema\/logo\/image\/"},"sameAs":["https:\/\/www.facebook.com\/DestinationsEurope","https:\/\/x.com\/DestinationsEU","https:\/\/www.instagram.com\/destinationseurope_","https:\/\/www.pinterest.fr\/DestinationsEurope","https:\/\/www.youtube.com\/channel\/UCmrqhdaA9ttCyq-_aFC3fmQ"]},{"@type":"Person","@id":"http:\/\/destinations-europe.com\/en\/#\/schema\/person\/09d9afb8acf8e88280b77599817884e6","name":"Destination(s) Europe","image":{"@type":"ImageObject","inLanguage":"en-US","@id":"https:\/\/secure.gravatar.com\/avatar\/a9c8e282bf87ad4d332acfdc03c9f16b367a3df214ed8faa579f1b3ca7e5bbc0?s=96&d=identicon&r=g","url":"https:\/\/secure.gravatar.com\/avatar\/a9c8e282bf87ad4d332acfdc03c9f16b367a3df214ed8faa579f1b3ca7e5bbc0?s=96&d=identicon&r=g","contentUrl":"https:\/\/secure.gravatar.com\/avatar\/a9c8e282bf87ad4d332acfdc03c9f16b367a3df214ed8faa579f1b3ca7e5bbc0?s=96&d=identicon&r=g","caption":"Destination(s) Europe"},"description":"Contenu r\u00e9dig\u00e9 par les blogueurs de la r\u00e9daction | Article by the Editorial Staff","sameAs":["http:\/\/destinations-europe.com","https:\/\/www.facebook.com\/DestinationsEurope","https:\/\/x.com\/@DestinationsEU","https:\/\/www.youtube.com\/channel\/UCmrqhdaA9ttCyq-_aFC3fmQ"]}]}},"jetpack_publicize_connections":[],"jetpack_featured_media_url":"https:\/\/i0.wp.com\/destinations-europe.com\/wp-content\/uploads\/2021\/08\/Septembre-selection.jpg?fit=1200%2C628&ssl=1","jetpack_likes_enabled":false,"jetpack_sharing_enabled":true,"jetpack_shortlink":"https:\/\/wp.me\/paJ2uU-4WU","jetpack-related-posts":[{"id":20274,"url":"https:\/\/destinations-europe.com\/en\/festivals-events-where-go-trip-europe-november\/","url_meta":{"origin":19028,"position":0},"title":"Festivals, events: where to go on a trip to Europe in November","author":"Destination(s) Europe","date":"21 October 2022","format":false,"excerpt":"The end of the year is approaching, and you may already be thinking about the Christmas holidays.\u00a0But with the month of November to pass first, why not treat yourself to a little getaway in Europe?\u00a0Especially since there are certain events that are really worth seeing.\u00a0If you like horses and equestrian\u2026","rel":"","context":"In &quot;EUROPE&quot;","block_context":{"text":"EUROPE","link":"https:\/\/destinations-europe.com\/en\/category\/visit-europe\/"},"img":{"alt_text":"","src":"https:\/\/i0.wp.com\/destinations-europe.com\/wp-content\/uploads\/2022\/10\/Novembre-selection-1.jpg?fit=1200%2C628&ssl=1&resize=350%2C200","width":350,"height":200,"srcset":"https:\/\/i0.wp.com\/destinations-europe.com\/wp-content\/uploads\/2022\/10\/Novembre-selection-1.jpg?fit=1200%2C628&ssl=1&resize=350%2C200 1x, https:\/\/i0.wp.com\/destinations-europe.com\/wp-content\/uploads\/2022\/10\/Novembre-selection-1.jpg?fit=1200%2C628&ssl=1&resize=525%2C300 1.5x, https:\/\/i0.wp.com\/destinations-europe.com\/wp-content\/uploads\/2022\/10\/Novembre-selection-1.jpg?fit=1200%2C628&ssl=1&resize=700%2C400 2x, https:\/\/i0.wp.com\/destinations-europe.com\/wp-content\/uploads\/2022\/10\/Novembre-selection-1.jpg?fit=1200%2C628&ssl=1&resize=1050%2C600 3x"},"classes":[]},{"id":21963,"url":"https:\/\/destinations-europe.com\/en\/festivals-events-where-go-trip-europe-december\/","url_meta":{"origin":19028,"position":1},"title":"Festivals, events: where to go on a trip to Europe in December","author":"Destination(s) Europe","date":"30 November 2022","format":false,"excerpt":"Here we are.\u00a0The end of the year, marked by countless parties across Europe.\u00a0Christmas and its procession of traditions draw the crowds and develop the creativity of the organizers.\u00a0The Christmas market (the best in Europe are to be found here) is often the main event of the festivities of a city,\u2026","rel":"","context":"In &quot;EUROPE&quot;","block_context":{"text":"EUROPE","link":"https:\/\/destinations-europe.com\/en\/category\/visit-europe\/"},"img":{"alt_text":"","src":"https:\/\/i0.wp.com\/destinations-europe.com\/wp-content\/uploads\/2022\/11\/Decembre-selection-1.jpg?fit=1200%2C628&ssl=1&resize=350%2C200","width":350,"height":200,"srcset":"https:\/\/i0.wp.com\/destinations-europe.com\/wp-content\/uploads\/2022\/11\/Decembre-selection-1.jpg?fit=1200%2C628&ssl=1&resize=350%2C200 1x, https:\/\/i0.wp.com\/destinations-europe.com\/wp-content\/uploads\/2022\/11\/Decembre-selection-1.jpg?fit=1200%2C628&ssl=1&resize=525%2C300 1.5x, https:\/\/i0.wp.com\/destinations-europe.com\/wp-content\/uploads\/2022\/11\/Decembre-selection-1.jpg?fit=1200%2C628&ssl=1&resize=700%2C400 2x, https:\/\/i0.wp.com\/destinations-europe.com\/wp-content\/uploads\/2022\/11\/Decembre-selection-1.jpg?fit=1200%2C628&ssl=1&resize=1050%2C600 3x"},"classes":[]},{"id":16735,"url":"https:\/\/destinations-europe.com\/en\/festivals-events-where-to-go-trip-europe-august\/","url_meta":{"origin":19028,"position":2},"title":"Festivals, events: where to go on a trip to Europe in August","author":"Destination(s) Europe","date":"11 July 2022","format":false,"excerpt":"August is the vacation month.\u00a0The sun is at its zenith, the temperatures are at their highest, and the party is in full swing: there is no better time to decompress.\u00a0There are plenty of parties for any taste. If you want to slather tomatoes on your friends, head to the region\u2026","rel":"","context":"In &quot;EUROPE&quot;","block_context":{"text":"EUROPE","link":"https:\/\/destinations-europe.com\/en\/category\/visit-europe\/"},"img":{"alt_text":"","src":"https:\/\/i0.wp.com\/destinations-europe.com\/wp-content\/uploads\/2022\/07\/Aout-selection-1.jpg?fit=1200%2C628&ssl=1&resize=350%2C200","width":350,"height":200,"srcset":"https:\/\/i0.wp.com\/destinations-europe.com\/wp-content\/uploads\/2022\/07\/Aout-selection-1.jpg?fit=1200%2C628&ssl=1&resize=350%2C200 1x, https:\/\/i0.wp.com\/destinations-europe.com\/wp-content\/uploads\/2022\/07\/Aout-selection-1.jpg?fit=1200%2C628&ssl=1&resize=525%2C300 1.5x, https:\/\/i0.wp.com\/destinations-europe.com\/wp-content\/uploads\/2022\/07\/Aout-selection-1.jpg?fit=1200%2C628&ssl=1&resize=700%2C400 2x, https:\/\/i0.wp.com\/destinations-europe.com\/wp-content\/uploads\/2022\/07\/Aout-selection-1.jpg?fit=1200%2C628&ssl=1&resize=1050%2C600 3x"},"classes":[]},{"id":16385,"url":"https:\/\/destinations-europe.com\/en\/festivals-events-where-to-go-trip-europe-in-july\/","url_meta":{"origin":19028,"position":3},"title":"Festivals, events: where to go on a trip to Europe in July","author":"Destination(s) Europe","date":"22 June 2022","format":false,"excerpt":"Holidays, finally!\u00a0Well, okay, not for everyone, but still, July is a special month for employees to taking leave, especially since their children are already on holiday.\u00a0This month, clearly, is synonymous with celebration and idleness in Europe.\u00a0July 14 is a national holiday in France and is the occasion for a whole\u2026","rel":"","context":"In &quot;EUROPE&quot;","block_context":{"text":"EUROPE","link":"https:\/\/destinations-europe.com\/en\/category\/visit-europe\/"},"img":{"alt_text":"What to do in July","src":"https:\/\/i0.wp.com\/destinations-europe.com\/wp-content\/uploads\/2022\/06\/July-Selection-1.jpg?fit=1200%2C628&ssl=1&resize=350%2C200","width":350,"height":200,"srcset":"https:\/\/i0.wp.com\/destinations-europe.com\/wp-content\/uploads\/2022\/06\/July-Selection-1.jpg?fit=1200%2C628&ssl=1&resize=350%2C200 1x, https:\/\/i0.wp.com\/destinations-europe.com\/wp-content\/uploads\/2022\/06\/July-Selection-1.jpg?fit=1200%2C628&ssl=1&resize=525%2C300 1.5x, https:\/\/i0.wp.com\/destinations-europe.com\/wp-content\/uploads\/2022\/06\/July-Selection-1.jpg?fit=1200%2C628&ssl=1&resize=700%2C400 2x, https:\/\/i0.wp.com\/destinations-europe.com\/wp-content\/uploads\/2022\/06\/July-Selection-1.jpg?fit=1200%2C628&ssl=1&resize=1050%2C600 3x"},"classes":[]},{"id":35347,"url":"https:\/\/destinations-europe.com\/en\/when-go-madrid\/","url_meta":{"origin":19028,"position":4},"title":"When to go to Madrid? Temperatures, weather and prices","author":"Destination(s) Europe","date":"16 February 2024","format":false,"excerpt":"Looking for warmth, endless nights, and a dash of cultural outings? You're probably thinking of Madrid, right? It's understandable. Over its long history, marked by military conquests and artistic brilliance, the Spanish capital has carved out a unique identity that now attracts millions of tourists. Attractions like the Prado Museum,\u2026","rel":"","context":"In &quot;SPAIN&quot;","block_context":{"text":"SPAIN","link":"https:\/\/destinations-europe.com\/en\/category\/visit-spain\/"},"img":{"alt_text":"","src":"https:\/\/i0.wp.com\/destinations-europe.com\/wp-content\/uploads\/2024\/01\/Madrid-Quand-Partir.jpeg?fit=1200%2C675&ssl=1&resize=350%2C200","width":350,"height":200,"srcset":"https:\/\/i0.wp.com\/destinations-europe.com\/wp-content\/uploads\/2024\/01\/Madrid-Quand-Partir.jpeg?fit=1200%2C675&ssl=1&resize=350%2C200 1x, https:\/\/i0.wp.com\/destinations-europe.com\/wp-content\/uploads\/2024\/01\/Madrid-Quand-Partir.jpeg?fit=1200%2C675&ssl=1&resize=525%2C300 1.5x, https:\/\/i0.wp.com\/destinations-europe.com\/wp-content\/uploads\/2024\/01\/Madrid-Quand-Partir.jpeg?fit=1200%2C675&ssl=1&resize=700%2C400 2x, https:\/\/i0.wp.com\/destinations-europe.com\/wp-content\/uploads\/2024\/01\/Madrid-Quand-Partir.jpeg?fit=1200%2C675&ssl=1&resize=1050%2C600 3x"},"classes":[]},{"id":10641,"url":"https:\/\/destinations-europe.com\/en\/where-to-travel-in-europe-in-september-8-cheaper-destination-ideas\/","url_meta":{"origin":19028,"position":5},"title":"Where to travel in Europe in September : 8 cheaper destination ideas (2026)","author":"Destination(s) Europe","date":"1 September 2021","format":false,"excerpt":"July and August holidays are over, yet that doesn't mean that it's too late to go on a trip. More and more Europeans are travelling off-season, taking advantage of more attractive prices in September and October, while still enjoying nice weather.\u00a0Because, let's face it, between the price of the hotel,\u2026","rel":"","context":"In &quot;EUROPE&quot;","block_context":{"text":"EUROPE","link":"https:\/\/destinations-europe.com\/en\/category\/visit-europe\/"},"img":{"alt_text":"","src":"https:\/\/i0.wp.com\/destinations-europe.com\/wp-content\/uploads\/2021\/09\/Budget-september.jpg?fit=1200%2C800&ssl=1&resize=350%2C200","width":350,"height":200,"srcset":"https:\/\/i0.wp.com\/destinations-europe.com\/wp-content\/uploads\/2021\/09\/Budget-september.jpg?fit=1200%2C800&ssl=1&resize=350%2C200 1x, https:\/\/i0.wp.com\/destinations-europe.com\/wp-content\/uploads\/2021\/09\/Budget-september.jpg?fit=1200%2C800&ssl=1&resize=525%2C300 1.5x, https:\/\/i0.wp.com\/destinations-europe.com\/wp-content\/uploads\/2021\/09\/Budget-september.jpg?fit=1200%2C800&ssl=1&resize=700%2C400 2x, https:\/\/i0.wp.com\/destinations-europe.com\/wp-content\/uploads\/2021\/09\/Budget-september.jpg?fit=1200%2C800&ssl=1&resize=1050%2C600 3x"},"classes":[]}],"_links":{"self":[{"href":"https:\/\/destinations-europe.com\/en\/wp-json\/wp\/v2\/posts\/19028","targetHints":{"allow":["GET"]}}],"collection":[{"href":"https:\/\/destinations-europe.com\/en\/wp-json\/wp\/v2\/posts"}],"about":[{"href":"https:\/\/destinations-europe.com\/en\/wp-json\/wp\/v2\/types\/post"}],"author":[{"embeddable":true,"href":"https:\/\/destinations-europe.com\/en\/wp-json\/wp\/v2\/users\/152872159"}],"replies":[{"embeddable":true,"href":"https:\/\/destinations-europe.com\/en\/wp-json\/wp\/v2\/comments?post=19028"}],"version-history":[{"count":20,"href":"https:\/\/destinations-europe.com\/en\/wp-json\/wp\/v2\/posts\/19028\/revisions"}],"predecessor-version":[{"id":34464,"href":"https:\/\/destinations-europe.com\/en\/wp-json\/wp\/v2\/posts\/19028\/revisions\/34464"}],"wp:featuredmedia":[{"embeddable":true,"href":"https:\/\/destinations-europe.com\/en\/wp-json\/wp\/v2\/media\/11005"}],"wp:attachment":[{"href":"https:\/\/destinations-europe.com\/en\/wp-json\/wp\/v2\/media?parent=19028"}],"wp:term":[{"taxonomy":"category","embeddable":true,"href":"https:\/\/destinations-europe.com\/en\/wp-json\/wp\/v2\/categories?post=19028"},{"taxonomy":"post_tag","embeddable":true,"href":"https:\/\/destinations-europe.com\/en\/wp-json\/wp\/v2\/tags?post=19028"}],"curies":[{"name":"wp","href":"https:\/\/api.w.org\/{rel}","templated":true}]}}